{"id":4964,"date":"2026-02-26T10:24:01","date_gmt":"2026-02-26T09:24:01","guid":{"rendered":"https:\/\/www.environnementhumanitaire.org\/?p=4964"},"modified":"2026-03-03T08:32:18","modified_gmt":"2026-03-03T07:32:18","slug":"climate-and-environment-at-hnpw-march-2026","status":"publish","type":"post","link":"https:\/\/www.environnementhumanitaire.org\/en\/climate-and-environment-at-hnpw-march-2026\/","title":{"rendered":"Climate and Environment at HNPW, March 2026"},"content":{"rendered":"\n<p>The&nbsp;<a href=\"https:\/\/climate-charter.us1.list-manage.com\/track\/click?u=d5ff2db89cde57bef30887905&amp;id=82dbae8f11&amp;e=9df8ed2c52\"><strong>Humanitarian Networks and Partnerships Week (HNPW)<\/strong><\/a>&nbsp;is an&nbsp;annual humanitarian forum that brings together networks, NGOs, UN agencies, governments, academia, private sector actors, and civil society to collaborate on improving humanitarian action.<\/p>\n\n\n\n<p>Below you will find a list of events and gatherings happening during the&nbsp;<strong>online week<\/strong>&nbsp;(02\u201306 March) and the&nbsp;<strong>in-person days&nbsp;<\/strong>(at the CICG in Geneva, 10\u201312 March 2026) that explore themes of climate and environment in humanitarian contexts.<\/p>\n\n\n\n<h4 class=\"wp-block-heading\">Monday, March 2<\/h4>\n\n\n\n<p><a href=\"https:\/\/climate-charter.us1.list-manage.com\/track\/click?u=d5ff2db89cde57bef30887905&amp;id=c1a3d1c5c8&amp;e=9df8ed2c52\"><strong>Faith-Rooted SRM: Community Intelligence, Youth Leadership, and Climate Resilient Solutions to Reduce Humanitarian Risk<\/strong><\/a><br>GISF, Buddhist Tzu Chi Foundation<br><em>13:00-14:00 UTC \/ 14:00-15:00 CET (remote)<\/em><\/p>\n\n\n\n<p><a href=\"https:\/\/climate-charter.us1.list-manage.com\/track\/click?u=d5ff2db89cde57bef30887905&amp;id=f835f2239b&amp;e=9df8ed2c52\"><strong>Climate Action Plans as a Coordination Tool: Bridging Policy and Practice in WASH<\/strong><\/a><br>Global WASH Cluster&#8217;s Climate Change Working Group, IOM, WASH Cluster Ethiopia, WASH Cluster Somalia, Oxfam<br><em>13:00-14:30 UTC \/ 14:00-15:30 CET (remote)<\/em><\/p>\n\n\n\n<h4 class=\"wp-block-heading\">Tuesday, March 3<\/h4>\n\n\n\n<p><a href=\"https:\/\/climate-charter.us1.list-manage.com\/track\/click?u=d5ff2db89cde57bef30887905&amp;id=722fb6f760&amp;e=9df8ed2c52\"><strong>Designing a Bio-Circular Framework for Humanitarian Operations<\/strong><\/a><br>HUMLOG Institute<br><em>08:00-10:00 UTC \/ 9:00-11:00 CET (remote)<\/em><\/p>\n\n\n\n<p><a href=\"https:\/\/climate-charter.us1.list-manage.com\/track\/click?u=d5ff2db89cde57bef30887905&amp;id=e340a58ceb&amp;e=9df8ed2c52\"><strong>Can We Make Sustainability Truly Sustainable?<\/strong><\/a><br>WREC Coalition<br><em>09:00-10:00 UTC \/ 10:00-11:00 CET (remote)<\/em><\/p>\n\n\n\n<p><a href=\"https:\/\/climate-charter.us1.list-manage.com\/track\/click?u=d5ff2db89cde57bef30887905&amp;id=5a9a889c02&amp;e=9df8ed2c52\"><strong>Climate-Smart and Accountable: Can we be both?<\/strong><\/a><br>CHS Alliance, Charter Secretariat<br><em>09:00-10:00 UTC \/ 10:00-11:00 CET (remote)<\/em><\/p>\n\n\n\n<p><a href=\"https:\/\/climate-charter.us1.list-manage.com\/track\/click?u=d5ff2db89cde57bef30887905&amp;id=68af73abb0&amp;e=9df8ed2c52\"><strong>Climate Crisis fuels rising violence against children: evidence across child protection research<\/strong><\/a><br>The Alliance for Child Protection in Humanitarian Action (Group of Friends on Climate Change and Child Protection), joined by Aangan Trust, Terre des Hommes, the University of Cape Town, and the University of Oxford<br><em>09:00-10:30 UTC \/ 10:00-11:30 CET (remote)<\/em><\/p>\n\n\n\n<p><a href=\"https:\/\/climate-charter.us1.list-manage.com\/track\/click?u=d5ff2db89cde57bef30887905&amp;id=dc847e3513&amp;e=9df8ed2c52\"><strong>Compounding Climate and Conflict Risks: How ACAPS&#8217; Risk Radar Supports Forward-looking Humanitarian Decisions<\/strong><\/a><br>ACAPS<br><em>09:00-10:30 UTC \/ 10:00-11:30 CET (remote)<\/em><\/p>\n\n\n\n<p><a href=\"https:\/\/climate-charter.us1.list-manage.com\/track\/click?u=d5ff2db89cde57bef30887905&amp;id=3a6dde5091&amp;e=9df8ed2c52\"><strong>What does the climate crisis mean for humanitarian Health and WASH?<\/strong><\/a><br>ADAPT Initiative<br><em>11:00-12:00 UTC \/ 12:00-13:00 CET (remote)<\/em><\/p>\n\n\n\n<p><a href=\"https:\/\/climate-charter.us1.list-manage.com\/track\/click?u=d5ff2db89cde57bef30887905&amp;id=8d049c68c4&amp;e=9df8ed2c52\"><strong>Climate Change and Market in Crisis<\/strong><\/a><br>Markets in Crisis Network<br><em>09:30-11:00 UTC \/ 11:30-13:00 CET (remote)<\/em><\/p>\n\n\n\n<p><a href=\"https:\/\/climate-charter.us1.list-manage.com\/track\/click?u=d5ff2db89cde57bef30887905&amp;id=bf8c583cc9&amp;e=9df8ed2c52\"><strong>Debate whether the climate crisis is a communication crisis<\/strong><\/a><br>Avoidable Deaths Network (ADN)<br><em>13:30-15:00 UTC \/ 14:30-16:00 CET (remote)<\/em><\/p>\n\n\n\n<h4 class=\"wp-block-heading\">Wednesday, March 4<\/h4>\n\n\n\n<p><a href=\"https:\/\/climate-charter.us1.list-manage.com\/track\/click?u=d5ff2db89cde57bef30887905&amp;id=966db218a3&amp;e=9df8ed2c52\"><strong>Climate Crisis: Shared Humanitarian Risk and Locally Led Adaptation<\/strong><\/a><br>LM International, Climate and Environment Charter Secretariat<br><em>10:00-11:30 CET (remote)<\/em><\/p>\n\n\n\n<p><a href=\"https:\/\/climate-charter.us1.list-manage.com\/track\/click?u=d5ff2db89cde57bef30887905&amp;id=457c9b89ab&amp;e=9df8ed2c52\"><strong>Heating up &#8211; humanitarian preparedness and response to heatwaves<\/strong><\/a><br>ADAPT Initiative<br><em>11:00-12:30 UTC \/ 12:00-13:30 CET (remote)<\/em><\/p>\n\n\n\n<p><a href=\"https:\/\/climate-charter.us1.list-manage.com\/track\/click?u=d5ff2db89cde57bef30887905&amp;id=3c93c16085&amp;e=9df8ed2c52\"><strong>Delivering on Greening the Humanitarian Reset: Sustainable Energy in Humanitarian Responses, Latest insights\/impacts<\/strong><\/a><br>Global Platform for Action<br><em>13:00-14:00 UTC \/ 14:00-15:00 CET (remote)<\/em><\/p>\n\n\n\n<p><a href=\"https:\/\/climate-charter.us1.list-manage.com\/track\/click?u=d5ff2db89cde57bef30887905&amp;id=7184d64b9d&amp;e=9df8ed2c52\"><strong>Strengthening Early Warning Systems in Fragile, Conflict and Violence-affected Contexts<\/strong><\/a><br>UNDRR, WMO, ITU, IFRC, IOM<br><em>13:00-14:30 UTC \/ 14:00-15:30 CET (remote)<\/em><\/p>\n\n\n\n<p><a href=\"https:\/\/climate-charter.us1.list-manage.com\/track\/click?u=d5ff2db89cde57bef30887905&amp;id=8b71dc1213&amp;e=9df8ed2c52\"><strong>Climate Risks, Frontline Humanitarians and Community Workers<\/strong><\/a><br>Humanitarian Aid International (HAI), Alliance for Empowering Partnership (A4EP)<br><em>09:30-11:00 UTC \/ 15:00-16:30 IST (remote)<\/em><\/p>\n\n\n\n<p><a href=\"https:\/\/climate-charter.us1.list-manage.com\/track\/click?u=d5ff2db89cde57bef30887905&amp;id=482c4ff236&amp;e=9df8ed2c52\"><strong>Campaigning to Reduce Avoidable Deaths in a Climate-Challenged World<\/strong><\/a><br>Avoidable Deaths Network (ADN)<br><em>14:30-16:00 UTC \/ 15:30-17:00 CET (remote)<\/em><\/p>\n\n\n\n<h4 class=\"wp-block-heading\">Thursday, March 5<\/h4>\n\n\n\n<p><a href=\"https:\/\/climate-charter.us1.list-manage.com\/track\/click?u=d5ff2db89cde57bef30887905&amp;id=04b8f3a763&amp;e=9df8ed2c52\"><strong>Reimagining the Joint Initiative for Greener Humanitarian Assistance: The Future is Ours to Build<\/strong><\/a><br>Erika Clesceri, Masoom Hamdard<br><em>15:00-17:00 UTC \/ 10:00-12:00 EST (remote)<\/em><\/p>\n\n\n\n<p><a href=\"https:\/\/climate-charter.us1.list-manage.com\/track\/click?u=d5ff2db89cde57bef30887905&amp;id=0f6c595701&amp;e=9df8ed2c52\"><strong>Flood Impact Monitoring: A West and Central Africa Case Study<\/strong><\/a><br><em>11:00-12:30 UTC \/ 12:00-13:30 CET (remote)<\/em><\/p>\n\n\n\n<p><a href=\"https:\/\/climate-charter.us1.list-manage.com\/track\/click?u=d5ff2db89cde57bef30887905&amp;id=da0f537a20&amp;e=9df8ed2c52\"><strong>DELTA Resilience: Enabling the Use of Disaster Impact Data for Risk-Informed, Inclusive and Climate-Resilient Humanitarian Action<\/strong><\/a><br>UNDRR, RCCC, German Red Cross<br><em>13:00-14:00 UTC \/ 14:00-15:00 CET (remote)<\/em><\/p>\n\n\n\n<p><a href=\"https:\/\/climate-charter.us1.list-manage.com\/track\/click?u=d5ff2db89cde57bef30887905&amp;id=b06e3e2016&amp;e=9df8ed2c52\"><strong>Est\u00e1ndares Esfera en tiempos de crisis clim\u00e1tica: lecciones desde Am\u00e9rica Latina<\/strong><\/a><br>Sphere Standards<br><em>16:00-18:00 UTC \/ 17:00-19:00 CET (remote)<\/em><\/p>\n\n\n\n<p><a href=\"https:\/\/climate-charter.us1.list-manage.com\/track\/click?u=d5ff2db89cde57bef30887905&amp;id=5f0d97f9b4&amp;e=9df8ed2c52\"><strong>REAP Networking Reception,&nbsp;La Corne \u00e0 Vin, Geneva<\/strong><\/a><br>18:30 CET onwards, RSVP required<\/p>\n\n\n\n<h4 class=\"wp-block-heading\">Tuesday, March 10<\/h4>\n\n\n\n<p><a href=\"https:\/\/climate-charter.us1.list-manage.com\/track\/click?u=d5ff2db89cde57bef30887905&amp;id=192308381d&amp;e=9df8ed2c52\"><strong>EHAN Annual Meeting<\/strong><\/a><br><mark style=\"background-color:rgba(0, 0, 0, 0)\" class=\"has-inline-color has-tonique-2-color\"><mark style=\"background-color:rgba(0, 0, 0, 0)\" class=\"has-inline-color has-txt-color\"><strong>10:00-10:15 CET R\u00e9seau Environnement\u00a0Humanitaire\u00a0(Waste\u00a0working\u00a0group)\u00a0\u201cSolar power systems: Maintenance &amp; Waste Management Toolkit\u201d<br>11:45-12:00 CET R\u00e9seau Environnement Humanitaire (Environmetal assessment working group) piloting the MERA tool in Burkina Faso<\/strong><\/mark><\/mark><br><em>08:00-16:30 UTC \/ 09:00-17:30 CET (hybrid)<\/em><\/p>\n\n\n\n<p><a href=\"https:\/\/climate-charter.us1.list-manage.com\/track\/click?u=d5ff2db89cde57bef30887905&amp;id=8dc130ec41&amp;e=9df8ed2c52\"><strong>How Earth Observation Support Conflict Damage Mapping and Climate Resilience<\/strong><\/a><br>Humanitarian Openstreet Maps, PAX, Red Cross Climate Center<br><em>13:00-14:30 UTC \/ 14:00-15:30 CET (face-to-face)<\/em><\/p>\n\n\n\n<p><a href=\"https:\/\/climate-charter.us1.list-manage.com\/track\/click?u=d5ff2db89cde57bef30887905&amp;id=09bde3ce67&amp;e=9df8ed2c52\"><strong>The climate gap: what do bigger crises and less support mean for the communities we work with?<\/strong><\/a><br>Ground Truth Solutions<br><em>15:00-16:30 UTC \/ 16:00-17:30 CET (face-to-face)<\/em><\/p>\n\n\n\n<p><strong>Anticipation Hub Meet Up, Cafe Guidoline<\/strong><br>From 18:30<\/p>\n\n\n\n<p><a href=\"https:\/\/climate-charter.us1.list-manage.com\/track\/click?u=d5ff2db89cde57bef30887905&amp;id=b237844b52&amp;e=9df8ed2c52\"><strong>Energy, Climate and Environment Meet Up<\/strong><\/a><br><a href=\"https:\/\/climate-charter.us1.list-manage.com\/track\/click?u=d5ff2db89cde57bef30887905&amp;id=9b20d097ef&amp;e=9df8ed2c52\">Le Scandale<\/a>, Geneva, from&nbsp;<strong>18:30<\/strong><\/p>\n\n\n\n<h4 class=\"wp-block-heading\">Wednesday, March 11<\/h4>\n\n\n\n<p><a href=\"https:\/\/climate-charter.us1.list-manage.com\/track\/click?u=d5ff2db89cde57bef30887905&amp;id=330c8df7a7&amp;e=9df8ed2c52\"><strong>Unpacking What it Takes: Country Case Study on Collaborative Locally Led Resilience<\/strong><\/a><br>UNDP<br><em>10:00-11:30 UTC \/ 11:00-12:30 CET (hybrid)<\/em><\/p>\n\n\n\n<p><a href=\"https:\/\/climate-charter.us1.list-manage.com\/track\/click?u=d5ff2db89cde57bef30887905&amp;id=6f3cc75b67&amp;e=9df8ed2c52\"><strong>Without Borders, Within Boundaries: Learning How to Deliver Aid in Light of the Climate Emergency?<\/strong><\/a><br>M\u00e9decins Sans Fronti\u00e8res Switzerland and Climate Action Accelerator<br><em>10:00-11:30 UTC \/ 11:00-12:30 CET (hybrid)<\/em><\/p>\n\n\n\n<p><a href=\"https:\/\/climate-charter.us1.list-manage.com\/track\/click?u=d5ff2db89cde57bef30887905&amp;id=cb3043e7e7&amp;e=9df8ed2c52\"><strong>Financing and Scaling Long-Term Resilience at Community Level: What Works, What Doesn&#8217;t, and What&#8217;s Missing<\/strong><\/a><br>Charter Secretariat, UNDP and ECHO<br><em>13:00-14:30 UTC \/ 14:00-15:30 CET (hybrid)<\/em><\/p>\n\n\n\n<p><a href=\"https:\/\/climate-charter.us1.list-manage.com\/track\/click?u=d5ff2db89cde57bef30887905&amp;id=301176e7a5&amp;e=9df8ed2c52\"><strong>Agroecology, Resilience and Humanitarian Action: Learning from Locally Led Programmes and Options for Inter-Agency Ways Forward<\/strong><\/a><br>CAFOD and Caritas Bangladesh<br><em>13:00-14:30 UTC \/ 14:00-15:30 CET (hybrid)<\/em><\/p>\n\n\n\n<p><a href=\"https:\/\/climate-charter.us1.list-manage.com\/track\/click?u=d5ff2db89cde57bef30887905&amp;id=81f1394d74&amp;e=9df8ed2c52\"><strong>Fostering a Humanitarian Reset that Can Address the Climate Crisis: Global and Local Perspectives on the Importance of Integrating Climate Resilience, Greening and Anticipatory Action<\/strong><\/a><br>FAO, IFRC and OCHA<br><em>15:00-16:30 UTC \/ 16:00-17:30 CET (hybrid)<\/em><\/p>\n\n\n\n<h4 class=\"wp-block-heading\">Thursday, March 12<\/h4>\n\n\n\n<p><strong><a href=\"https:\/\/teams.microsoft.com\/meet\/38126136273114?p=zryckd7RNfW4amWJUV\">Innovation in Fleet Management: Transforming Humanitarian Fleets from Vehicle-Centric Fleet to Mobility Plans<\/a><\/strong>&nbsp;<br>Fleet Forum<br><em>08:00-09:30&nbsp;UTC<\/em> <em>(hybrid)<\/em><\/p>\n\n\n\n<p><a href=\"https:\/\/climate-charter.us1.list-manage.com\/track\/click?u=d5ff2db89cde57bef30887905&amp;id=6dc7710333&amp;e=9df8ed2c52\"><strong>Humanitarian Crisis and Climate Challenges: Is the Humanitarian Sector Ready?<\/strong><\/a><br>Norwegian Refugee Council<br><em>08:00-09:30 UTC \/ 09:00-10:30 CET (hybrid)<\/em><\/p>\n\n\n\n<p><a href=\"https:\/\/climate-charter.us1.list-manage.com\/track\/click?u=d5ff2db89cde57bef30887905&amp;id=59f630a8af&amp;e=9df8ed2c52\"><strong>Climate Emergency: Transforming Humanitarian Practices to Better Serve Populations Today and Tomorrow<\/strong><\/a><br>Climate Action Accelerator<br><em>10:00-11:30 UTC \/ 11:00-12:30 CET (hybrid)<\/em><\/p>\n\n\n\n<p><a href=\"https:\/\/climate-charter.us1.list-manage.com\/track\/click?u=d5ff2db89cde57bef30887905&amp;id=3e2d474960&amp;e=9df8ed2c52\"><strong>Integrating Climate Risk into EMT Preparedness and Operations<\/strong><\/a><br>WHO EMT Secretariat<br><em>10:00-11:30 UTC \/ 11:00-12:30 CET (face-to-face)<\/em><\/p>\n\n\n\n<p><a href=\"https:\/\/climate-charter.us1.list-manage.com\/track\/click?u=d5ff2db89cde57bef30887905&amp;id=1e961f1c2c&amp;e=9df8ed2c52\"><strong>Satellite Imagery and Climate Data<\/strong><\/a><br><em>10:00-11:30 UTC \/ 11:00-12:30 CET (face-to-face)<\/em><\/p>\n\n\n\n<p><a href=\"https:\/\/climate-charter.us1.list-manage.com\/track\/click?u=d5ff2db89cde57bef30887905&amp;id=d8ce2dbe27&amp;e=9df8ed2c52\"><strong>Launch of the Global WASH Cluster&#8217;s Framework for Climate Action and Humanitarian WASH: Turning Commitments into Action<\/strong><\/a><br>The GWC Climate Change Working Group, Global WASH Cluster, IOM, UNHCR, GTH<br><em>13:00-14:30 UTC \/ 14:00-15:30 CET (hybrid)<\/em><\/p>\n\n\n\n<p><a href=\"https:\/\/climate-charter.us1.list-manage.com\/track\/click?u=d5ff2db89cde57bef30887905&amp;id=67828736b6&amp;e=9df8ed2c52\"><strong>Anticipatory Action in Fragile and Conflict-Affected Settings: Delivering the Humanitarian Reset<\/strong><\/a><br>Members of the Anticipatory Action Task Force (Anticipation Hub, FAO, OCHA, Red Cross Red Crescent &#8211; Climate Centre &amp; IFRC, Start Network, WFP, Welthungerhilfe)<br><em>13:00-14:30 UTC \/ 14:00-15:30 CET (hybrid)<\/em><\/p>\n\n\n\n<p><a href=\"https:\/\/climate-charter.us1.list-manage.com\/track\/click?u=d5ff2db89cde57bef30887905&amp;id=6e3814341f&amp;e=9df8ed2c52\"><strong>The Humanitarian\u2013Nature Learning Lab<\/strong><\/a><br>Sarah Henly-Shepard, Erika Clesceri, IUCN FEBA<br><em>15:00-16:30 UTC \/ 16:00-17:30 CET (hybrid)<\/em><\/p>\n\n\n\n<p><a href=\"https:\/\/climate-charter.us1.list-manage.com\/track\/click?u=d5ff2db89cde57bef30887905&amp;id=fc74c1c281&amp;e=9df8ed2c52\"><strong>Reducing risk through co-development of Seasonal Climate Information for Early Action<\/strong><\/a><br>Start Network, Save the Children, WMO Coordination Mechanism (WCM)<br><em>15:00-16:30 UTC \/ 16:00-17:30 CET (hybrid)<\/em><\/p>\n","protected":false},"excerpt":{"rendered":"<p>The&nbsp;Humanitarian Networks and Partnerships Week (HNPW)&nbsp;is an&nbsp;annual humanitarian forum that brings together networks, NGOs, UN agencies, governments, academia, private sector actors, and civil society to collaborate on improving humanitarian action. Below you will find a list of events and gatherings happening during the&nbsp;online week&nbsp;(02\u201306 March) and the&nbsp;in-person days&nbsp;(at the CICG in Geneva, 10\u201312 March 2026) [&hellip;]<\/p>\n","protected":false},"author":377,"featured_media":0,"comment_status":"closed","ping_status":"closed","sticky":false,"template":"","format":"standard","meta":{"_acf_changed":false,"_seopress_robots_primary_cat":"none","_seopress_titles_title":"","_seopress_titles_desc":"","_seopress_robots_index":"","footnotes":""},"categories":[209],"tags":[],"thematique":[160],"structure":[177],"class_list":["post-4964","post","type-post","status-publish","format-standard","hentry","category-evenement","thematique-vue-densemble","structure-session-hnpw-en"],"acf":[],"_links":{"self":[{"href":"https:\/\/www.environnementhumanitaire.org\/en\/wp-json\/wp\/v2\/posts\/4964","targetHints":{"allow":["GET"]}}],"collection":[{"href":"https:\/\/www.environnementhumanitaire.org\/en\/wp-json\/wp\/v2\/posts"}],"about":[{"href":"https:\/\/www.environnementhumanitaire.org\/en\/wp-json\/wp\/v2\/types\/post"}],"author":[{"embeddable":true,"href":"https:\/\/www.environnementhumanitaire.org\/en\/wp-json\/wp\/v2\/users\/377"}],"replies":[{"embeddable":true,"href":"https:\/\/www.environnementhumanitaire.org\/en\/wp-json\/wp\/v2\/comments?post=4964"}],"version-history":[{"count":5,"href":"https:\/\/www.environnementhumanitaire.org\/en\/wp-json\/wp\/v2\/posts\/4964\/revisions"}],"predecessor-version":[{"id":5005,"href":"https:\/\/www.environnementhumanitaire.org\/en\/wp-json\/wp\/v2\/posts\/4964\/revisions\/5005"}],"wp:attachment":[{"href":"https:\/\/www.environnementhumanitaire.org\/en\/wp-json\/wp\/v2\/media?parent=4964"}],"wp:term":[{"taxonomy":"category","embeddable":true,"href":"https:\/\/www.environnementhumanitaire.org\/en\/wp-json\/wp\/v2\/categories?post=4964"},{"taxonomy":"post_tag","embeddable":true,"href":"https:\/\/www.environnementhumanitaire.org\/en\/wp-json\/wp\/v2\/tags?post=4964"},{"taxonomy":"thematique","embeddable":true,"href":"https:\/\/www.environnementhumanitaire.org\/en\/wp-json\/wp\/v2\/thematique?post=4964"},{"taxonomy":"structure","embeddable":true,"href":"https:\/\/www.environnementhumanitaire.org\/en\/wp-json\/wp\/v2\/structure?post=4964"}],"curies":[{"name":"wp","href":"https:\/\/api.w.org\/{rel}","templated":true}]}}