{"id":4603,"date":"2025-10-28T10:55:45","date_gmt":"2025-10-28T09:55:45","guid":{"rendered":"https:\/\/www.environnementhumanitaire.org\/?p=4603"},"modified":"2025-10-28T10:59:32","modified_gmt":"2025-10-28T09:59:32","slug":"event-ecology-and-solidarity-what-are-the-implications-of-environmental-imperatives-for-ngo-activities-in-french-lyon-06-11-2025","status":"publish","type":"post","link":"https:\/\/www.environnementhumanitaire.org\/en\/event-ecology-and-solidarity-what-are-the-implications-of-environmental-imperatives-for-ngo-activities-in-french-lyon-06-11-2025\/","title":{"rendered":"Event: &#8220;Ecology and Solidarity \u2013 What Are the Implications of Environmental Imperatives for NGO Activities?&#8221; (in French), Lyon, 06\/11\/2025"},"content":{"rendered":"\n<p>The <em>Vulnerabilities, Inclusion, and Inequalities<\/em> and <em>TERRA<\/em> research groups, in collaboration with the non-governmental organizations <strong>Triangle G\u00e9n\u00e9ration Humanitaire<\/strong> and <strong>Communication sans Fronti\u00e8res<\/strong>, invite you to a public event dedicated to exploring the complex challenges that environmental imperatives pose for the activities of NGOs.<\/p>\n\n\n\n<p>The event will feature the work of <strong>Vincent Pradier Goeting<\/strong>, along with additional presentations and discussions on these crucial issues.<\/p>\n\n\n\n<p>\ud83d\udccd <strong>Date &amp; Location:<\/strong> <strong>November 6, 2025<\/strong>, from <strong>9:00 a.m. to 4:30 p.m.<\/strong> <strong>Campus Berges du Rh\u00f4ne, Lyon<\/strong><\/p>\n\n\n\n<h3 class=\"wp-block-heading\"><strong>Program<\/strong><\/h3>\n\n\n\n<p><strong>Morning session (10:00 a.m. \u2013 12:00 p.m.)<\/strong><br>Presentation by <strong>Vincent Pradier Goeting<\/strong>, followed by a participatory workshop with environmental focal points from NGOs in the region.<\/p>\n\n\n\n<p><strong>Afternoon session (2:00 p.m. \u2013 4:30 p.m.)<\/strong><br>Roundtable discussion based on the work of <strong>Vincent Pradier Goeting<\/strong>, with contributions from regional NGOs, on the theme: <em>\u201cClimate Change and NGOs: How Can We Practically Reconcile Ecological, Humanitarian, and Solidarity Imperatives?\u201d<\/em> The session will conclude with an open discussion with the audience.<\/p>\n\n\n\n<p><strong>Open to:<\/strong> NGO staff, researchers, and teaching and administrative personnel (BIATSS).<br>Please register to attend \u2014 for either the full day or half-day sessions.<\/p>\n","protected":false},"excerpt":{"rendered":"<p>The Vulnerabilities, Inclusion, and Inequalities and TERRA research groups, in collaboration with the non-governmental organizations Triangle G\u00e9n\u00e9ration Humanitaire and Communication sans Fronti\u00e8res, invite you to a public event dedicated to exploring the complex challenges that environmental imperatives pose for the activities of NGOs. The event will feature the work of Vincent Pradier Goeting, along with [&hellip;]<\/p>\n","protected":false},"author":377,"featured_media":0,"comment_status":"closed","ping_status":"closed","sticky":false,"template":"","format":"standard","meta":{"_acf_changed":false,"_seopress_robots_primary_cat":"none","_seopress_titles_title":"","_seopress_titles_desc":"","_seopress_robots_index":"","footnotes":""},"categories":[209],"tags":[],"thematique":[160],"structure":[425,423,424,197],"class_list":["post-4603","post","type-post","status-publish","format-standard","hentry","category-evenement","thematique-vue-densemble","structure-communication-sans-frontieres","structure-poles-vulnerabilites-inclusion-et-inegalites","structure-terra","structure-triangle-generation-humanitaire-en"],"acf":[],"_links":{"self":[{"href":"https:\/\/www.environnementhumanitaire.org\/en\/wp-json\/wp\/v2\/posts\/4603","targetHints":{"allow":["GET"]}}],"collection":[{"href":"https:\/\/www.environnementhumanitaire.org\/en\/wp-json\/wp\/v2\/posts"}],"about":[{"href":"https:\/\/www.environnementhumanitaire.org\/en\/wp-json\/wp\/v2\/types\/post"}],"author":[{"embeddable":true,"href":"https:\/\/www.environnementhumanitaire.org\/en\/wp-json\/wp\/v2\/users\/377"}],"replies":[{"embeddable":true,"href":"https:\/\/www.environnementhumanitaire.org\/en\/wp-json\/wp\/v2\/comments?post=4603"}],"version-history":[{"count":1,"href":"https:\/\/www.environnementhumanitaire.org\/en\/wp-json\/wp\/v2\/posts\/4603\/revisions"}],"predecessor-version":[{"id":4604,"href":"https:\/\/www.environnementhumanitaire.org\/en\/wp-json\/wp\/v2\/posts\/4603\/revisions\/4604"}],"wp:attachment":[{"href":"https:\/\/www.environnementhumanitaire.org\/en\/wp-json\/wp\/v2\/media?parent=4603"}],"wp:term":[{"taxonomy":"category","embeddable":true,"href":"https:\/\/www.environnementhumanitaire.org\/en\/wp-json\/wp\/v2\/categories?post=4603"},{"taxonomy":"post_tag","embeddable":true,"href":"https:\/\/www.environnementhumanitaire.org\/en\/wp-json\/wp\/v2\/tags?post=4603"},{"taxonomy":"thematique","embeddable":true,"href":"https:\/\/www.environnementhumanitaire.org\/en\/wp-json\/wp\/v2\/thematique?post=4603"},{"taxonomy":"structure","embeddable":true,"href":"https:\/\/www.environnementhumanitaire.org\/en\/wp-json\/wp\/v2\/structure?post=4603"}],"curies":[{"name":"wp","href":"https:\/\/api.w.org\/{rel}","templated":true}]}}